{"id":2269,"date":"2026-03-07T05:00:37","date_gmt":"2026-03-07T05:00:37","guid":{"rendered":"https:\/\/www.ungl.or.cr\/?p=2269"},"modified":"2026-03-06T21:01:49","modified_gmt":"2026-03-06T21:01:49","slug":"municipalistas-impulsan-ciudades-mas-humanas-y-conectadas","status":"publish","type":"post","link":"https:\/\/www.ungl.or.cr\/?p=2269","title":{"rendered":"Municipalistas impulsan ciudades m\u00e1s humanas y conectadas"},"content":{"rendered":"<div class=\"xdj266r x14z9mp xat24cr x1lziwak x1vvkbs x126k92a\">\n<div dir=\"auto\">\n<div class=\"x14z9mp xat24cr x1lziwak x1vvkbs xtlvy1s x126k92a\">\n<div dir=\"auto\">\n<p>San Jos\u00e9, Costa Rica \u2013 Con el firme prop\u00f3sito de transformar el entorno urbano y mejorar la calidad de vida de los ciudadanos, la Uni\u00f3n Nacional de Gobiernos Locales (UNGL), en alianza estrat\u00e9gica con la Municipalidad de San Jos\u00e9 y el \u00c1rea Metropolitana de Barcelona (AMB), llev\u00f3 a cabo el encuentro de alto nivel: \u201cRecuperaci\u00f3n de Espacios P\u00fablicos y Gobernanza Metropolitana\u201d.<\/p>\n<p>El evento se consolid\u00f3 como una plataforma cr\u00edtica para repensar el dise\u00f1o de las ciudades contempor\u00e1neas. Durante la jornada, los expertos internacionales Albert Gassull y Maria Peix, representantes del AMB, compartieron soluciones innovadoras y casos de \u00e9xito donde los espacios comunes han dejado de ser meros lugares de paso para convertirse en aut\u00e9nticos motores de convivencia y cohesi\u00f3n social.<\/p>\n<p>\u201cTengo claro que la gobernanza no es quitar autonom\u00eda, es sumar capacidades, es evitar el aislamiento. La gobernanza metropolitana no implica crear una superestructura centralizada; implica crear mecanismos vinculantes de coordinaci\u00f3n, autoridades sectoriales compartidas, fondos metropolitanos de inversi\u00f3n, planificaci\u00f3n territorial integrada y decisiones estrat\u00e9gicas conjuntas.\u201d Coment\u00f3 el presidente de la UNGL, Juan Diego G\u00f3mez.<\/p>\n<p><strong>Un enfoque metropolitano para retos locales<\/strong><\/p>\n<p>La actividad cont\u00f3 con un espacio de reflexi\u00f3n estrat\u00e9gica moderado por la Directora Ejecutiva de la UNGL, Karen Porras, y el asesor Luis Vega. En este panel, los alcaldes y alcaldesas de Tib\u00e1s, Alajuela, Bel\u00e9n, San Jos\u00e9, Heredia y Oreamuno intercambiaron visiones sobre la urgencia de adoptar un enfoque metropolitano para resolver problem\u00e1ticas que trascienden las fronteras cantonales.<\/p>\n<p>&#8220;La recuperaci\u00f3n de parques, plazas y aceras no es un tema meramente est\u00e9tico; es una herramienta pol\u00edtica y social clave para fortalecer la seguridad ciudadana y el bienestar colectivo&#8221;, se destac\u00f3 durante el conversatorio.<\/p>\n<p><strong>Hacia una gobernanza s\u00f3lida y sostenible<\/strong><\/p>\n<p>Este encuentro marca un hito en la construcci\u00f3n de una gobernanza metropolitana robusta en Costa Rica. La cooperaci\u00f3n con el \u00c1rea Metropolitana de Barcelona permite a los gobiernos locales costarricenses aprender de un referente global en planificaci\u00f3n integrada.<\/p>\n<p>Para la UNGL, este es un paso decisivo para dise\u00f1ar cantones m\u00e1s sostenibles, donde la coordinaci\u00f3n interinstitucional garantice una movilidad eficiente, una gesti\u00f3n de recursos responsable y, ante todo, una ciudad pensada para las personas.<\/p>\n<p>\u00c1rea Metropolitana de Barcelona (<a href=\"https:\/\/www.amb.cat\/s\/es\/web\/amb\/la-institucio\/presentacio.html)\">AMB<\/a>): Es la administraci\u00f3n p\u00fablica que gestiona el territorio metropolitano de Barcelona y 35 municipios aleda\u00f1os. Atiende a m\u00e1s de 3,2 millones de personas, liderando la planificaci\u00f3n urban\u00edstica, transporte, gesti\u00f3n de residuos y cohesi\u00f3n social en una de las regiones m\u00e1s din\u00e1micas de Europa.<\/p>\n<p>&nbsp;<\/p>\n<\/div>\n<div dir=\"auto\">\n<p><img decoding=\"async\" class=\"alignright size-medium wp-image-2272\" src=\"\/wp-content\/uploads\/2026\/03\/WhatsApp-Image-2026-03-03-at-4.32.37-PM-300x150.jpeg\" alt=\"\" width=\"300\" height=\"150\" srcset=\"\/wp-content\/uploads\/2026\/03\/WhatsApp-Image-2026-03-03-at-4.32.37-PM-200x100.jpeg 200w, \/wp-content\/uploads\/2026\/03\/WhatsApp-Image-2026-03-03-at-4.32.37-PM-300x150.jpeg 300w, \/wp-content\/uploads\/2026\/03\/WhatsApp-Image-2026-03-03-at-4.32.37-PM-400x200.jpeg 400w, \/wp-content\/uploads\/2026\/03\/WhatsApp-Image-2026-03-03-at-4.32.37-PM-540x272.jpeg 540w, \/wp-content\/uploads\/2026\/03\/WhatsApp-Image-2026-03-03-at-4.32.37-PM-600x300.jpeg 600w, \/wp-content\/uploads\/2026\/03\/WhatsApp-Image-2026-03-03-at-4.32.37-PM-768x385.jpeg 768w, \/wp-content\/uploads\/2026\/03\/WhatsApp-Image-2026-03-03-at-4.32.37-PM-800x401.jpeg 800w, \/wp-content\/uploads\/2026\/03\/WhatsApp-Image-2026-03-03-at-4.32.37-PM-1024x513.jpeg 1024w, \/wp-content\/uploads\/2026\/03\/WhatsApp-Image-2026-03-03-at-4.32.37-PM-1200x601.jpeg 1200w, \/wp-content\/uploads\/2026\/03\/WhatsApp-Image-2026-03-03-at-4.32.37-PM.jpeg 1280w\" sizes=\"(max-width: 300px) 100vw, 300px\" \/><\/p>\n<\/div>\n<p data-path-to-node=\"7\">\n<\/div>\n<\/div>\n<\/div>\n<div class=\"x14z9mp xat24cr x1lziwak x1vvkbs xtlvy1s x126k92a\">\n<div dir=\"auto\"><\/div>\n<\/div>\n<div class=\"x14z9mp xat24cr x1lziwak x1vvkbs xtlvy1s x126k92a\"><\/div>\n<div><\/div>\n<div><\/div>\n<div><\/div>\n<div><\/div>\n<div><\/div>\n<div class=\"x14z9mp xat24cr x1lziwak x1vvkbs xtlvy1s x126k92a\">\n<div dir=\"auto\"><\/div>\n<\/div>\n<table>\n<tbody>\n<tr>\n<td width=\"576\"><\/td>\n<\/tr>\n<tr>\n<td><\/td>\n<td><\/td>\n<\/tr>\n<\/tbody>\n<\/table>\n<p>&nbsp;<\/p>\n","protected":false},"excerpt":{"rendered":"<p>San Jos\u00e9, Costa Rica \u2013 Con el firme prop\u00f3sito de  [&#8230;]<\/p>\n","protected":false},"author":8,"featured_media":2274,"comment_status":"open","ping_status":"open","sticky":false,"template":"","format":"gallery","meta":{"footnotes":""},"categories":[1],"tags":[],"class_list":["post-2269","post","type-post","status-publish","format-gallery","has-post-thumbnail","hentry","category-noticias-ungl","post_format-post-format-gallery"],"_links":{"self":[{"href":"https:\/\/www.ungl.or.cr\/index.php?rest_route=\/wp\/v2\/posts\/2269","targetHints":{"allow":["GET"]}}],"collection":[{"href":"https:\/\/www.ungl.or.cr\/index.php?rest_route=\/wp\/v2\/posts"}],"about":[{"href":"https:\/\/www.ungl.or.cr\/index.php?rest_route=\/wp\/v2\/types\/post"}],"author":[{"embeddable":true,"href":"https:\/\/www.ungl.or.cr\/index.php?rest_route=\/wp\/v2\/users\/8"}],"replies":[{"embeddable":true,"href":"https:\/\/www.ungl.or.cr\/index.php?rest_route=%2Fwp%2Fv2%2Fcomments&post=2269"}],"version-history":[{"count":3,"href":"https:\/\/www.ungl.or.cr\/index.php?rest_route=\/wp\/v2\/posts\/2269\/revisions"}],"predecessor-version":[{"id":2275,"href":"https:\/\/www.ungl.or.cr\/index.php?rest_route=\/wp\/v2\/posts\/2269\/revisions\/2275"}],"wp:featuredmedia":[{"embeddable":true,"href":"https:\/\/www.ungl.or.cr\/index.php?rest_route=\/wp\/v2\/media\/2274"}],"wp:attachment":[{"href":"https:\/\/www.ungl.or.cr\/index.php?rest_route=%2Fwp%2Fv2%2Fmedia&parent=2269"}],"wp:term":[{"taxonomy":"category","embeddable":true,"href":"https:\/\/www.ungl.or.cr\/index.php?rest_route=%2Fwp%2Fv2%2Fcategories&post=2269"},{"taxonomy":"post_tag","embeddable":true,"href":"https:\/\/www.ungl.or.cr\/index.php?rest_route=%2Fwp%2Fv2%2Ftags&post=2269"}],"curies":[{"name":"wp","href":"https:\/\/api.w.org\/{rel}","templated":true}]}}